{"id":37,"date":"2023-11-28T01:24:32","date_gmt":"2023-11-28T04:24:32","guid":{"rendered":"https:\/\/verdade.xyz\/?p=37"},"modified":"2023-11-28T01:26:43","modified_gmt":"2023-11-28T04:26:43","slug":"praca-dermeval-barbosa-moreira","status":"publish","type":"post","link":"https:\/\/verdade.xyz\/?p=37","title":{"rendered":"Pra\u00e7a Dermeval Barbosa Moreira"},"content":{"rendered":"\n<p><br>Dermeval Barbosa Moreira foi um m\u00e9dico brasileiro, nascido em 1900, no distrito de S\u00e3o Jo\u00e3o do Para\u00edso, que hoje \u00e9 o munic\u00edpio de Concei\u00e7\u00e3o de Macabu. Ele se mudou para Nova Friburgo em 1934, j\u00e1 formado em medicina, para enfrentar a epidemia de tifo que assolhava a cidade.<\/p>\n\n\n\n<p>Dermeval Barbosa Moreira, m\u00e9dico<\/p>\n\n\n\n<p>Dermeval Barbosa Moreira era um homem dedicado \u00e0 sua profiss\u00e3o. Ele atendia a todos, independente da condi\u00e7\u00e3o social ou econ\u00f4mica. Era conhecido por seu carinho e aten\u00e7\u00e3o aos pacientes, e por sua dedica\u00e7\u00e3o \u00e0 sa\u00fade p\u00fablica.<\/p>\n\n\n\n<p>Durante sua carreira, Dermeval Barbosa Moreira realizou diversas campanhas de vacina\u00e7\u00e3o e preven\u00e7\u00e3o de doen\u00e7as. Ele tamb\u00e9m foi um dos fundadores da Cruz Vermelha de Nova Friburgo.<\/p>\n\n\n\n<p>Dermeval Barbosa Moreira morreu em 1953, aos 53 anos. Ele foi um homem que dedicou sua vida \u00e0 sa\u00fade e ao bem-estar dos outros. Sua hist\u00f3ria \u00e9 um exemplo de dedica\u00e7\u00e3o e amor ao pr\u00f3ximo.<\/p>\n\n\n\n<p>A Pra\u00e7a Dermeval Barbosa Moreira, localizada no centro de Nova Friburgo, \u00e9 uma homenagem a esse importante m\u00e9dico. A rua que leva seu nome tamb\u00e9m fica localizada no centro da cidade.<\/p>\n","protected":false},"excerpt":{"rendered":"<p>Dermeval Barbosa Moreira foi um m\u00e9dico brasileiro, nascido em 1900, no distrito de S\u00e3o Jo\u00e3o do Para\u00edso, que hoje \u00e9 o munic\u00edpio de Concei\u00e7\u00e3o de Macabu. Ele se<\/p>\n","protected":false},"author":1,"featured_media":0,"comment_status":"open","ping_status":"open","sticky":false,"template":"","format":"standard","meta":{"footnotes":""},"categories":[4],"tags":[11,21,7,6,10,5,19,17,18,20],"class_list":["post-37","post","type-post","status-publish","format-standard","hentry","category-bairro-centro","tag-bica-da-serra","tag-cao-sentado","tag-cordoeira","tag-friburgo","tag-mirante-da-serra","tag-nova-friburgo","tag-serra","tag-serra-de-friburgo-2","tag-teleferico","tag-trilha-da-serra"],"_links":{"self":[{"href":"https:\/\/verdade.xyz\/index.php?rest_route=\/wp\/v2\/posts\/37","targetHints":{"allow":["GET"]}}],"collection":[{"href":"https:\/\/verdade.xyz\/index.php?rest_route=\/wp\/v2\/posts"}],"about":[{"href":"https:\/\/verdade.xyz\/index.php?rest_route=\/wp\/v2\/types\/post"}],"author":[{"embeddable":true,"href":"https:\/\/verdade.xyz\/index.php?rest_route=\/wp\/v2\/users\/1"}],"replies":[{"embeddable":true,"href":"https:\/\/verdade.xyz\/index.php?rest_route=%2Fwp%2Fv2%2Fcomments&post=37"}],"version-history":[{"count":1,"href":"https:\/\/verdade.xyz\/index.php?rest_route=\/wp\/v2\/posts\/37\/revisions"}],"predecessor-version":[{"id":38,"href":"https:\/\/verdade.xyz\/index.php?rest_route=\/wp\/v2\/posts\/37\/revisions\/38"}],"wp:attachment":[{"href":"https:\/\/verdade.xyz\/index.php?rest_route=%2Fwp%2Fv2%2Fmedia&parent=37"}],"wp:term":[{"taxonomy":"category","embeddable":true,"href":"https:\/\/verdade.xyz\/index.php?rest_route=%2Fwp%2Fv2%2Fcategories&post=37"},{"taxonomy":"post_tag","embeddable":true,"href":"https:\/\/verdade.xyz\/index.php?rest_route=%2Fwp%2Fv2%2Ftags&post=37"}],"curies":[{"name":"wp","href":"https:\/\/api.w.org\/{rel}","templated":true}]}}